{"id":10082,"date":"2018-06-13T15:46:57","date_gmt":"2018-06-13T18:46:57","guid":{"rendered":"https:\/\/www.essarp.org.ar\/?p=10082"},"modified":"2022-11-06T11:37:36","modified_gmt":"2022-11-06T14:37:36","slug":"winter-reading-lectura-de-invierno","status":"publish","type":"post","link":"https:\/\/essarp.org.ar\/es\/winter-reading-lectura-de-invierno\/","title":{"rendered":"Winter Reading &#8211; Lectura de invierno"},"content":{"rendered":"<p><a href=\"https:\/\/essarp.org.ar\/wp-content\/uploads\/2018\/06\/Revivir-las-aulas.jpg\"><img loading=\"lazy\" decoding=\"async\" class=\"aligncenter wp-image-10087\" src=\"https:\/\/essarp.org.ar\/wp-content\/uploads\/2018\/06\/Revivir-las-aulas.jpg\" alt=\"\" width=\"156\" height=\"241\" srcset=\"https:\/\/essarp.org.ar\/wp-content\/uploads\/2018\/06\/Revivir-las-aulas.jpg 243w, https:\/\/essarp.org.ar\/wp-content\/uploads\/2018\/06\/Revivir-las-aulas-194x300.jpg 194w\" sizes=\"auto, (max-width: 156px) 100vw, 156px\" \/><\/a><\/p>\n<p>Argentina fue la cuna de la educaci\u00f3n en Am\u00e9rica Latina, pero sus aulas se han debilitado y viven en un reino de confusi\u00f3n. Es hora de reflexi\u00f3n y acci\u00f3n profunda. Es hora de discutir sobre educaci\u00f3n con el mismo fervor que lo hacemos por el f\u00fatbol o la pol\u00edtica.<\/p>\n<p>&nbsp;<\/p>\n<p><a href=\"https:\/\/essarp.org.ar\/wp-content\/uploads\/2018\/06\/At-what.jpg\"><img loading=\"lazy\" decoding=\"async\" class=\"aligncenter wp-image-10089\" src=\"https:\/\/essarp.org.ar\/wp-content\/uploads\/2018\/06\/At-what.jpg\" alt=\"\" width=\"158\" height=\"238\" srcset=\"https:\/\/essarp.org.ar\/wp-content\/uploads\/2018\/06\/At-what.jpg 249w, https:\/\/essarp.org.ar\/wp-content\/uploads\/2018\/06\/At-what-199x300.jpg 199w\" sizes=\"auto, (max-width: 158px) 100vw, 158px\" \/><\/a><\/p>\n<p>Anxiety, depression, and their dangerous manifestations-substance abuse, eating disorders, self-injury and suicide- are increasing student conditions at many competitive high schools. Paradoxically, most of these schools promote themselves as being committed to students&#8217; holistic development in academics, athletics and the arts, and in their personal, social, and emotional growth. So why are so many students struggling?<\/p>\n<p>&nbsp;<\/p>\n<p><a href=\"https:\/\/essarp.org.ar\/wp-content\/uploads\/2018\/06\/En-cambio.jpg\"><img loading=\"lazy\" decoding=\"async\" class=\"aligncenter wp-image-10091\" src=\"https:\/\/essarp.org.ar\/wp-content\/uploads\/2018\/06\/En-cambio.jpg\" alt=\"\" width=\"156\" height=\"239\" srcset=\"https:\/\/essarp.org.ar\/wp-content\/uploads\/2018\/06\/En-cambio.jpg 246w, https:\/\/essarp.org.ar\/wp-content\/uploads\/2018\/06\/En-cambio-196x300.jpg 196w\" sizes=\"auto, (max-width: 156px) 100vw, 156px\" \/><\/a><\/p>\n<p>EnCambio te va a permitir alumbrar los procesos por los cuales pens\u00e1s, sent\u00eds y te comport\u00e1s de determinada manera, y as\u00ed dejar atr\u00e1s aquellos h\u00e1bitos y conductas que ya no te sirven. El objetivo es que aprendas el potencial que tiene tu cerebro para cambiar y la capacidad que ten\u00e9s vos para modificarlo.<\/p>\n<p>&nbsp;<\/p>\n<p><a href=\"https:\/\/essarp.org.ar\/wp-content\/uploads\/2018\/06\/Emotions-learning.jpg\"><img loading=\"lazy\" decoding=\"async\" class=\"aligncenter wp-image-10093\" src=\"https:\/\/essarp.org.ar\/wp-content\/uploads\/2018\/06\/Emotions-learning.jpg\" alt=\"\" width=\"157\" height=\"237\" srcset=\"https:\/\/essarp.org.ar\/wp-content\/uploads\/2018\/06\/Emotions-learning.jpg 247w, https:\/\/essarp.org.ar\/wp-content\/uploads\/2018\/06\/Emotions-learning-199x300.jpg 199w\" sizes=\"auto, (max-width: 157px) 100vw, 157px\" \/><\/a><\/p>\n<p>What are feelings, and how does the brain support them? What role do feelings play in the brain&#8217;s learning process? This book unpacks these crucial questions and many more, including the neurobiological, developmental, and evolutionary origins of creativity, facts and myths about mirror neurons, and how the perspective of social and affective neuroscience can inform the design of learning technologies.<\/p>\n","protected":false},"excerpt":{"rendered":"<p>Argentina fue la cuna de la educaci\u00f3n en Am\u00e9rica Latina, pero sus aulas se han debilitado y viven en un reino de confusi\u00f3n. Es hora de reflexi\u00f3n y acci\u00f3n profunda. Es hora de discutir sobre educaci\u00f3n con el mismo fervor que lo hacemos por el f\u00fatbol o la pol\u00edtica. &nbsp; Anxiety, depression, and their dangerous&hellip;<\/p>\n","protected":false},"author":1,"featured_media":10097,"comment_status":"closed","ping_status":"closed","sticky":false,"template":"","format":"standard","meta":{"_monsterinsights_skip_tracking":false,"_monsterinsights_sitenote_active":false,"_monsterinsights_sitenote_note":"","_monsterinsights_sitenote_category":0,"footnotes":"","_links_to":"","_links_to_target":""},"categories":[1090],"tags":[],"class_list":["post-10082","post","type-post","status-publish","format-standard","has-post-thumbnail","hentry","category-sin-categorizar","category-1090","description-off"],"yoast_head":"<!-- This site is optimized with the Yoast SEO plugin v27.5 - https:\/\/yoast.com\/product\/yoast-seo-wordpress\/ -->\n<title>Winter Reading - Lectura de invierno - ESSARP<\/title>\n<meta name=\"robots\" content=\"index, follow, max-snippet:-1, max-image-preview:large, max-video-preview:-1\" \/>\n<link rel=\"canonical\" href=\"https:\/\/essarp.org.ar\/es\/winter-reading-lectura-de-invierno\/\" \/>\n<meta property=\"og:locale\" content=\"es_ES\" \/>\n<meta property=\"og:type\" content=\"article\" \/>\n<meta property=\"og:title\" content=\"Winter Reading - Lectura de invierno - ESSARP\" \/>\n<meta property=\"og:description\" content=\"Argentina fue la cuna de la educaci\u00f3n en Am\u00e9rica Latina, pero sus aulas se han debilitado y viven en un reino de confusi\u00f3n. Es hora de reflexi\u00f3n y acci\u00f3n profunda. Es hora de discutir sobre educaci\u00f3n con el mismo fervor que lo hacemos por el f\u00fatbol o la pol\u00edtica. &nbsp; Anxiety, depression, and their dangerous&hellip;\" \/>\n<meta property=\"og:url\" content=\"https:\/\/essarp.org.ar\/es\/winter-reading-lectura-de-invierno\/\" \/>\n<meta property=\"og:site_name\" content=\"ESSARP\" \/>\n<meta property=\"article:published_time\" content=\"2018-06-13T18:46:57+00:00\" \/>\n<meta property=\"article:modified_time\" content=\"2022-11-06T14:37:36+00:00\" \/>\n<meta property=\"og:image\" content=\"https:\/\/essarp.org.ar\/wp-content\/uploads\/2018\/06\/Presentacion1.jpg\" \/>\n\t<meta property=\"og:image:width\" content=\"1280\" \/>\n\t<meta property=\"og:image:height\" content=\"720\" \/>\n\t<meta property=\"og:image:type\" content=\"image\/jpeg\" \/>\n<meta name=\"author\" content=\"admin\" \/>\n<meta name=\"twitter:card\" content=\"summary_large_image\" \/>\n<meta name=\"twitter:label1\" content=\"Escrito por\" \/>\n\t<meta name=\"twitter:data1\" content=\"admin\" \/>\n\t<meta name=\"twitter:label2\" content=\"Tiempo de lectura\" \/>\n\t<meta name=\"twitter:data2\" content=\"1 minuto\" \/>\n<script type=\"application\/ld+json\" class=\"yoast-schema-graph\">{\"@context\":\"https:\\\/\\\/schema.org\",\"@graph\":[{\"@type\":\"Article\",\"@id\":\"https:\\\/\\\/essarp.org.ar\\\/es\\\/winter-reading-lectura-de-invierno\\\/#article\",\"isPartOf\":{\"@id\":\"https:\\\/\\\/essarp.org.ar\\\/es\\\/winter-reading-lectura-de-invierno\\\/\"},\"author\":{\"name\":\"admin\",\"@id\":\"https:\\\/\\\/essarp.org.ar\\\/es\\\/#\\\/schema\\\/person\\\/44cbdf3665da1a22184ba8f7e245cd86\"},\"headline\":\"Winter Reading &#8211; Lectura de invierno\",\"datePublished\":\"2018-06-13T18:46:57+00:00\",\"dateModified\":\"2022-11-06T14:37:36+00:00\",\"mainEntityOfPage\":{\"@id\":\"https:\\\/\\\/essarp.org.ar\\\/es\\\/winter-reading-lectura-de-invierno\\\/\"},\"wordCount\":242,\"image\":{\"@id\":\"https:\\\/\\\/essarp.org.ar\\\/es\\\/winter-reading-lectura-de-invierno\\\/#primaryimage\"},\"thumbnailUrl\":\"https:\\\/\\\/essarp.org.ar\\\/wp-content\\\/uploads\\\/2018\\\/06\\\/Presentacion1.jpg\",\"articleSection\":[\"Sin categorizar\"],\"inLanguage\":\"es-AR\"},{\"@type\":\"WebPage\",\"@id\":\"https:\\\/\\\/essarp.org.ar\\\/es\\\/winter-reading-lectura-de-invierno\\\/\",\"url\":\"https:\\\/\\\/essarp.org.ar\\\/es\\\/winter-reading-lectura-de-invierno\\\/\",\"name\":\"Winter Reading - Lectura de invierno - ESSARP\",\"isPartOf\":{\"@id\":\"https:\\\/\\\/essarp.org.ar\\\/es\\\/#website\"},\"primaryImageOfPage\":{\"@id\":\"https:\\\/\\\/essarp.org.ar\\\/es\\\/winter-reading-lectura-de-invierno\\\/#primaryimage\"},\"image\":{\"@id\":\"https:\\\/\\\/essarp.org.ar\\\/es\\\/winter-reading-lectura-de-invierno\\\/#primaryimage\"},\"thumbnailUrl\":\"https:\\\/\\\/essarp.org.ar\\\/wp-content\\\/uploads\\\/2018\\\/06\\\/Presentacion1.jpg\",\"datePublished\":\"2018-06-13T18:46:57+00:00\",\"dateModified\":\"2022-11-06T14:37:36+00:00\",\"author\":{\"@id\":\"https:\\\/\\\/essarp.org.ar\\\/es\\\/#\\\/schema\\\/person\\\/44cbdf3665da1a22184ba8f7e245cd86\"},\"inLanguage\":\"es-AR\",\"potentialAction\":[{\"@type\":\"ReadAction\",\"target\":[\"https:\\\/\\\/essarp.org.ar\\\/es\\\/winter-reading-lectura-de-invierno\\\/\"]}]},{\"@type\":\"ImageObject\",\"inLanguage\":\"es-AR\",\"@id\":\"https:\\\/\\\/essarp.org.ar\\\/es\\\/winter-reading-lectura-de-invierno\\\/#primaryimage\",\"url\":\"https:\\\/\\\/essarp.org.ar\\\/wp-content\\\/uploads\\\/2018\\\/06\\\/Presentacion1.jpg\",\"contentUrl\":\"https:\\\/\\\/essarp.org.ar\\\/wp-content\\\/uploads\\\/2018\\\/06\\\/Presentacion1.jpg\",\"width\":1280,\"height\":720},{\"@type\":\"WebSite\",\"@id\":\"https:\\\/\\\/essarp.org.ar\\\/es\\\/#website\",\"url\":\"https:\\\/\\\/essarp.org.ar\\\/es\\\/\",\"name\":\"ESSARP\",\"description\":\"\",\"potentialAction\":[{\"@type\":\"SearchAction\",\"target\":{\"@type\":\"EntryPoint\",\"urlTemplate\":\"https:\\\/\\\/essarp.org.ar\\\/es\\\/?s={search_term_string}\"},\"query-input\":{\"@type\":\"PropertyValueSpecification\",\"valueRequired\":true,\"valueName\":\"search_term_string\"}}],\"inLanguage\":\"es-AR\"},{\"@type\":\"Person\",\"@id\":\"https:\\\/\\\/essarp.org.ar\\\/es\\\/#\\\/schema\\\/person\\\/44cbdf3665da1a22184ba8f7e245cd86\",\"name\":\"admin\",\"image\":{\"@type\":\"ImageObject\",\"inLanguage\":\"es-AR\",\"@id\":\"https:\\\/\\\/secure.gravatar.com\\\/avatar\\\/7f488a303ab99b121aa9739da6366d3507faeaffc3be670d9f9a2f7e7dc47132?s=96&d=mm&r=g\",\"url\":\"https:\\\/\\\/secure.gravatar.com\\\/avatar\\\/7f488a303ab99b121aa9739da6366d3507faeaffc3be670d9f9a2f7e7dc47132?s=96&d=mm&r=g\",\"contentUrl\":\"https:\\\/\\\/secure.gravatar.com\\\/avatar\\\/7f488a303ab99b121aa9739da6366d3507faeaffc3be670d9f9a2f7e7dc47132?s=96&d=mm&r=g\",\"caption\":\"admin\"},\"sameAs\":[\"https:\\\/\\\/essarp.org.ar\"]}]}<\/script>\n<!-- \/ Yoast SEO plugin. -->","yoast_head_json":{"title":"Winter Reading - Lectura de invierno - ESSARP","robots":{"index":"index","follow":"follow","max-snippet":"max-snippet:-1","max-image-preview":"max-image-preview:large","max-video-preview":"max-video-preview:-1"},"canonical":"https:\/\/essarp.org.ar\/es\/winter-reading-lectura-de-invierno\/","og_locale":"es_ES","og_type":"article","og_title":"Winter Reading - Lectura de invierno - ESSARP","og_description":"Argentina fue la cuna de la educaci\u00f3n en Am\u00e9rica Latina, pero sus aulas se han debilitado y viven en un reino de confusi\u00f3n. Es hora de reflexi\u00f3n y acci\u00f3n profunda. Es hora de discutir sobre educaci\u00f3n con el mismo fervor que lo hacemos por el f\u00fatbol o la pol\u00edtica. &nbsp; Anxiety, depression, and their dangerous&hellip;","og_url":"https:\/\/essarp.org.ar\/es\/winter-reading-lectura-de-invierno\/","og_site_name":"ESSARP","article_published_time":"2018-06-13T18:46:57+00:00","article_modified_time":"2022-11-06T14:37:36+00:00","og_image":[{"width":1280,"height":720,"url":"https:\/\/essarp.org.ar\/wp-content\/uploads\/2018\/06\/Presentacion1.jpg","type":"image\/jpeg"}],"author":"admin","twitter_card":"summary_large_image","twitter_misc":{"Escrito por":"admin","Tiempo de lectura":"1 minuto"},"schema":{"@context":"https:\/\/schema.org","@graph":[{"@type":"Article","@id":"https:\/\/essarp.org.ar\/es\/winter-reading-lectura-de-invierno\/#article","isPartOf":{"@id":"https:\/\/essarp.org.ar\/es\/winter-reading-lectura-de-invierno\/"},"author":{"name":"admin","@id":"https:\/\/essarp.org.ar\/es\/#\/schema\/person\/44cbdf3665da1a22184ba8f7e245cd86"},"headline":"Winter Reading &#8211; Lectura de invierno","datePublished":"2018-06-13T18:46:57+00:00","dateModified":"2022-11-06T14:37:36+00:00","mainEntityOfPage":{"@id":"https:\/\/essarp.org.ar\/es\/winter-reading-lectura-de-invierno\/"},"wordCount":242,"image":{"@id":"https:\/\/essarp.org.ar\/es\/winter-reading-lectura-de-invierno\/#primaryimage"},"thumbnailUrl":"https:\/\/essarp.org.ar\/wp-content\/uploads\/2018\/06\/Presentacion1.jpg","articleSection":["Sin categorizar"],"inLanguage":"es-AR"},{"@type":"WebPage","@id":"https:\/\/essarp.org.ar\/es\/winter-reading-lectura-de-invierno\/","url":"https:\/\/essarp.org.ar\/es\/winter-reading-lectura-de-invierno\/","name":"Winter Reading - Lectura de invierno - ESSARP","isPartOf":{"@id":"https:\/\/essarp.org.ar\/es\/#website"},"primaryImageOfPage":{"@id":"https:\/\/essarp.org.ar\/es\/winter-reading-lectura-de-invierno\/#primaryimage"},"image":{"@id":"https:\/\/essarp.org.ar\/es\/winter-reading-lectura-de-invierno\/#primaryimage"},"thumbnailUrl":"https:\/\/essarp.org.ar\/wp-content\/uploads\/2018\/06\/Presentacion1.jpg","datePublished":"2018-06-13T18:46:57+00:00","dateModified":"2022-11-06T14:37:36+00:00","author":{"@id":"https:\/\/essarp.org.ar\/es\/#\/schema\/person\/44cbdf3665da1a22184ba8f7e245cd86"},"inLanguage":"es-AR","potentialAction":[{"@type":"ReadAction","target":["https:\/\/essarp.org.ar\/es\/winter-reading-lectura-de-invierno\/"]}]},{"@type":"ImageObject","inLanguage":"es-AR","@id":"https:\/\/essarp.org.ar\/es\/winter-reading-lectura-de-invierno\/#primaryimage","url":"https:\/\/essarp.org.ar\/wp-content\/uploads\/2018\/06\/Presentacion1.jpg","contentUrl":"https:\/\/essarp.org.ar\/wp-content\/uploads\/2018\/06\/Presentacion1.jpg","width":1280,"height":720},{"@type":"WebSite","@id":"https:\/\/essarp.org.ar\/es\/#website","url":"https:\/\/essarp.org.ar\/es\/","name":"ESSARP","description":"","potentialAction":[{"@type":"SearchAction","target":{"@type":"EntryPoint","urlTemplate":"https:\/\/essarp.org.ar\/es\/?s={search_term_string}"},"query-input":{"@type":"PropertyValueSpecification","valueRequired":true,"valueName":"search_term_string"}}],"inLanguage":"es-AR"},{"@type":"Person","@id":"https:\/\/essarp.org.ar\/es\/#\/schema\/person\/44cbdf3665da1a22184ba8f7e245cd86","name":"admin","image":{"@type":"ImageObject","inLanguage":"es-AR","@id":"https:\/\/secure.gravatar.com\/avatar\/7f488a303ab99b121aa9739da6366d3507faeaffc3be670d9f9a2f7e7dc47132?s=96&d=mm&r=g","url":"https:\/\/secure.gravatar.com\/avatar\/7f488a303ab99b121aa9739da6366d3507faeaffc3be670d9f9a2f7e7dc47132?s=96&d=mm&r=g","contentUrl":"https:\/\/secure.gravatar.com\/avatar\/7f488a303ab99b121aa9739da6366d3507faeaffc3be670d9f9a2f7e7dc47132?s=96&d=mm&r=g","caption":"admin"},"sameAs":["https:\/\/essarp.org.ar"]}]}},"_links":{"self":[{"href":"https:\/\/essarp.org.ar\/es\/wp-json\/wp\/v2\/posts\/10082","targetHints":{"allow":["GET"]}}],"collection":[{"href":"https:\/\/essarp.org.ar\/es\/wp-json\/wp\/v2\/posts"}],"about":[{"href":"https:\/\/essarp.org.ar\/es\/wp-json\/wp\/v2\/types\/post"}],"author":[{"embeddable":true,"href":"https:\/\/essarp.org.ar\/es\/wp-json\/wp\/v2\/users\/1"}],"replies":[{"embeddable":true,"href":"https:\/\/essarp.org.ar\/es\/wp-json\/wp\/v2\/comments?post=10082"}],"version-history":[{"count":1,"href":"https:\/\/essarp.org.ar\/es\/wp-json\/wp\/v2\/posts\/10082\/revisions"}],"predecessor-version":[{"id":20007,"href":"https:\/\/essarp.org.ar\/es\/wp-json\/wp\/v2\/posts\/10082\/revisions\/20007"}],"wp:featuredmedia":[{"embeddable":true,"href":"https:\/\/essarp.org.ar\/es\/wp-json\/wp\/v2\/media\/10097"}],"wp:attachment":[{"href":"https:\/\/essarp.org.ar\/es\/wp-json\/wp\/v2\/media?parent=10082"}],"wp:term":[{"taxonomy":"category","embeddable":true,"href":"https:\/\/essarp.org.ar\/es\/wp-json\/wp\/v2\/categories?post=10082"},{"taxonomy":"post_tag","embeddable":true,"href":"https:\/\/essarp.org.ar\/es\/wp-json\/wp\/v2\/tags?post=10082"}],"curies":[{"name":"wp","href":"https:\/\/api.w.org\/{rel}","templated":true}]}}